{"id":20101,"date":"2026-04-13T11:46:14","date_gmt":"2026-04-13T15:46:14","guid":{"rendered":"https:\/\/faircanada.ca\/?post_type=article&#038;p=20101"},"modified":"2026-04-13T11:46:15","modified_gmt":"2026-04-13T15:46:15","slug":"lelargissement-de-lacces-des-particuliers-aux-marches-prives-souleve-de-serieuses-questions","status":"publish","type":"article","link":"https:\/\/faircanada.ca\/fr\/article\/lelargissement-de-lacces-des-particuliers-aux-marches-prives-souleve-de-serieuses-questions\/","title":{"rendered":"L&#8217;\u00e9largissement de l&#8217;acc\u00e8s des particuliers aux march\u00e9s priv\u00e9s soul\u00e8ve de s\u00e9rieuses questions"},"content":{"rendered":"\n<p><\/p>\n\n\n\n<p>Les organismes de r\u00e9glementation canadiens font face \u00e0 une pression croissante \u2013 tant de la part du secteur que des gouvernements \u2013 pour ouvrir les march\u00e9s d\u2019actifs priv\u00e9s \u00e0 un public de particuliers plus large. Les partisans de cette mesure affirment que cela am\u00e9liorerait la diversification des portefeuilles et augmenterait les rendements. Nous ne sommes pas oppos\u00e9s \u00e0 l\u2019innovation. Mais nous nous opposons \u00e0 ce que des investisseurs ordinaires se retrouvent dans des produits qu\u2019ils ne peuvent pas comprendre, \u00e9valuer ou quitter facilement \u2013 en particulier lorsque les mesures de protection destin\u00e9es \u00e0 emp\u00eacher les ventes inadapt\u00e9es pr\u00e9sentent de graves lacunes.<\/p>\n\n\n\n<p><\/p>\n\n\n\n<h5 class=\"wp-block-heading\" id=\"h-le-desequilibre-de-liquidite-est-un-probleme-structurel-et-non-pas-un-simple-risque-theorique\"><strong>Le d\u00e9s\u00e9quilibre de liquidit\u00e9 est un probl\u00e8me structurel, et non pas un simple risque th\u00e9orique<\/strong><\/h5>\n\n\n\n<p>Contrairement aux investisseurs institutionnels, les \u00e9v\u00e9nements de la vie tels que la perte d\u2019emploi ou les probl\u00e8mes de sant\u00e9, souvent impr\u00e9visibles et inattendus, peuvent avoir un impact consid\u00e9rable sur la situation financi\u00e8re de la plupart des investisseurs particuliers. Ces derniers sont \u00e9galement plus enclins \u00e0 racheter leurs placements en p\u00e9riode de ralentissement \u00e9conomique, alors que la liquidit\u00e9 est g\u00e9n\u00e9ralement plus limit\u00e9e. Malheureusement, les actifs priv\u00e9s, de par leur nature m\u00eame, ne sont pas con\u00e7us pour faire face \u00e0 ces r\u00e9alit\u00e9s. Cela cr\u00e9e une r\u00e9elle tension entre le fonctionnement des actifs priv\u00e9s et les besoins des investisseurs particuliers<\/p>\n\n\n\n<p>Le r\u00e9cent<a href=\"https:\/\/www.autorites-valeurs-mobilieres.ca\/activites-des-acvm\/comite-sur-les-risques-systemiques-des-acvm\/rapport-annuel-de-2025-sur-les-marches-des-capitaux\/\" rel=\"noreferrer noopener\" target=\"_blank\">&nbsp;Rapport annuel de 2025 sur les march\u00e9s des capitaux du Comit\u00e9 sur le risque syst\u00e9mique de l&#8217;ACVM&nbsp;<\/a>met l&#8217;accent sur les risques concrets : les d\u00e9calages de liquidit\u00e9 entre les actifs des fonds priv\u00e9s et les demandes de rachat des investisseurs ont d\u00e9j\u00e0 conduit plusieurs fonds \u00e0 suspendre ou \u00e0 restreindre les retraits. Ce n&#8217;est pas une hypoth\u00e8se. Depuis fin 2022, les investisseurs canadiens ont connu exactement cette situation, notamment avec des fonds tels que Romspen, KingSett, Trez Capital, Centurion et d\u2019autres. Tous ont impos\u00e9<\/p>\n\n\n\n<p>des restrictions sur les rachats au moment m\u00eame o\u00f9 les investisseurs avaient le plus besoin d\u2019acc\u00e9der \u00e0 leurs fonds.<\/p>\n\n\n\n<p>Les produits qui ne peuvent pas garantir le remboursement du capital des investisseurs ne sont pas adapt\u00e9s au march\u00e9 de d\u00e9tail de masse. Cette r\u00e9alit\u00e9 doit \u00eatre au c\u0153ur de tout d\u00e9bat politique sur l&#8217;\u00e9largissement de l&#8217;acc\u00e8s.<\/p>\n\n\n\n<h5 class=\"wp-block-heading\" id=\"h-les-controles-de-conformite-soulevent-de-serieuses-inquietudes\"><strong>Les contr\u00f4les de conformit\u00e9 soul\u00e8vent de s\u00e9rieuses inqui\u00e9tudes<\/strong><\/h5>\n\n\n\n<p>Les partisans d&#8217;un acc\u00e8s plus large des particuliers aux actifs priv\u00e9s soutiennent que des r\u00e8gles strictes en mati\u00e8re d&#8217;ad\u00e9quation et de conflits d&#8217;int\u00e9r\u00eats suffisent \u00e0 g\u00e9rer les risques. En th\u00e9orie, cela semble rassurant. Dans la pratique, les faits r\u00e9v\u00e8lent une r\u00e9alit\u00e9 bien diff\u00e9rente.<\/p>\n\n\n\n<p>Les conclusions r\u00e9centes du&nbsp;<a href=\"https:\/\/www.ocri.ca\/salle-de-presse\/publications\/rapport-sur-la-conformite-2026-de-locri-aider-les-courtiers-respecter-les-regles#toc-3-1-reformes-axees-sur-le-client-rapport-de-l-examen-de-la-phase-2\" rel=\"noreferrer noopener\" target=\"_blank\">Rapport sur la conformit\u00e9 2026 de l\u2019OCRI<\/a>&nbsp;et du&nbsp;<a href=\"https:\/\/www.ocri.ca\/salle-de-presse\/publications\/rapport-sur-la-conformite-2026-de-locri-aider-les-courtiers-respecter-les-regles#toc-3-1-reformes-axees-sur-le-client-rapport-de-l-examen-de-la-phase-2\" rel=\"noreferrer noopener\" target=\"_blank\">Rapport de l\u2019examen de la phase 2 des r\u00e9formes ax\u00e9es sur le client&nbsp;<\/a>mettent en \u00e9vidence des faiblesses persistantes et pr\u00e9occupantes. De nombreux courtiers ont encore du mal \u00e0 respecter leurs obligations fondamentales : g\u00e9rer les conflits d\u2019int\u00e9r\u00eats, conna\u00eetre leurs clients, comprendre les produits qu\u2019ils vendent et \u00e9valuer correctement l\u2019ad\u00e9quation. M\u00eame si ces exigences sont en vigueur depuis 2021, la conformit\u00e9 au sein du secteur reste in\u00e9gale et, dans certains cas, particuli\u00e8rement faible.<\/p>\n\n\n\n<p>L&#8217;\u00e9largissement de l&#8217;acc\u00e8s des particuliers \u00e0 des actifs priv\u00e9s complexes, opaques et illiquides suppose que ces mesures de protection fonctionnent de mani\u00e8re fiable et coh\u00e9rente. Or, les ant\u00e9c\u00e9dents en mati\u00e8re de conformit\u00e9 indiquent le contraire. Lorsque les r\u00e8gles fondamentales ne sont pas correctement mises en \u0153uvre ou appliqu\u00e9es, le risque de voir des produits d&#8217;actifs priv\u00e9s inadapt\u00e9s vendus \u00e0 des investisseurs particuliers est \u00e9lev\u00e9.<\/p>\n\n\n\n<h5 class=\"wp-block-heading\" id=\"h-notre-position\"><strong>Notre position<\/strong><\/h5>\n\n\n\n<p>FAIR Canada soutient le bon fonctionnement des march\u00e9s financiers et l&#8217;innovation responsable. Mais \u00e9largir l\u2019acc\u00e8s des particuliers aux actifs priv\u00e9s avant que les r\u00e8gles de protection des investisseurs ne soient manifestement et syst\u00e9matiquement appliqu\u00e9es met les investisseurs en danger. La question politique est simple : pourquoi donner la priorit\u00e9 \u00e0 l\u2019\u00e9largissement de l\u2019offre de produits alors que les mesures de protection fondamentales font d\u00e9faut? Tant que les r\u00e9gulateurs ne pourront pas d\u00e9montrer que les obligations en mati\u00e8re d\u2019ad\u00e9quation et de conflits d\u2019int\u00e9r\u00eats fonctionnent comme pr\u00e9vu, les investisseurs particuliers devraient aborder ces produits avec une extr\u00eame prudence \u2013 et les r\u00e9gulateurs devraient serrez les freins.<\/p>\n","protected":false},"excerpt":{"rendered":"<p>Les organismes de r\u00e9glementation canadiens font face \u00e0 une pression croissante \u2013 tant de la part du secteur que des<\/p>\n","protected":false},"featured_media":20100,"template":"","tags":[],"articles_category":[757],"articles_date":[808],"class_list":["post-20101","article","type-article","status-publish","has-post-thumbnail","hentry","articles_category-defense-des-droits-en-action","articles_date-avril-2026"],"acf":[],"yoast_head":"<!-- This site is optimized with the Yoast SEO Premium plugin v24.2 (Yoast SEO v26.9) - https:\/\/yoast.com\/product\/yoast-seo-premium-wordpress\/ -->\n<title>L&#039;\u00e9largissement de l&#039;acc\u00e8s des particuliers aux march\u00e9s priv\u00e9s soul\u00e8ve de s\u00e9rieuses questions - FAIR Canada<\/title>\n<meta name=\"robots\" content=\"index, follow, max-snippet:-1, max-image-preview:large, max-video-preview:-1\" \/>\n<link rel=\"canonical\" href=\"https:\/\/faircanada.ca\/fr\/article\/lelargissement-de-lacces-des-particuliers-aux-marches-prives-souleve-de-serieuses-questions\/\" \/>\n<meta property=\"og:locale\" content=\"fr_FR\" \/>\n<meta property=\"og:type\" content=\"article\" \/>\n<meta property=\"og:title\" content=\"L&#039;\u00e9largissement de l&#039;acc\u00e8s des particuliers aux march\u00e9s priv\u00e9s soul\u00e8ve de s\u00e9rieuses questions\" \/>\n<meta property=\"og:description\" content=\"Les organismes de r\u00e9glementation canadiens font face \u00e0 une pression croissante \u2013 tant de la part du secteur que des\" \/>\n<meta property=\"og:url\" content=\"https:\/\/faircanada.ca\/fr\/article\/lelargissement-de-lacces-des-particuliers-aux-marches-prives-souleve-de-serieuses-questions\/\" \/>\n<meta property=\"og:site_name\" content=\"FAIR Canada\" \/>\n<meta property=\"article:publisher\" content=\"https:\/\/www.facebook.com\/pages\/FAIR-Canada\/138310399536931\" \/>\n<meta property=\"article:modified_time\" content=\"2026-04-13T15:46:15+00:00\" \/>\n<meta property=\"og:image\" content=\"https:\/\/faircanada.ca\/wp-content\/uploads\/2026\/04\/iStock-471338935-3.jpg\" \/>\n\t<meta property=\"og:image:width\" content=\"725\" \/>\n\t<meta property=\"og:image:height\" content=\"482\" \/>\n\t<meta property=\"og:image:type\" content=\"image\/jpeg\" \/>\n<meta name=\"twitter:card\" content=\"summary_large_image\" \/>\n<meta name=\"twitter:site\" content=\"@FAIRCanada\" \/>\n<meta name=\"twitter:label1\" content=\"Dur\u00e9e de lecture estim\u00e9e\" \/>\n\t<meta name=\"twitter:data1\" content=\"3 minutes\" \/>\n<script type=\"application\/ld+json\" class=\"yoast-schema-graph\">{\"@context\":\"https:\/\/schema.org\",\"@graph\":[{\"@type\":\"WebPage\",\"@id\":\"https:\/\/faircanada.ca\/fr\/article\/lelargissement-de-lacces-des-particuliers-aux-marches-prives-souleve-de-serieuses-questions\/\",\"url\":\"https:\/\/faircanada.ca\/fr\/article\/lelargissement-de-lacces-des-particuliers-aux-marches-prives-souleve-de-serieuses-questions\/\",\"name\":\"L'\u00e9largissement de l'acc\u00e8s des particuliers aux march\u00e9s priv\u00e9s soul\u00e8ve de s\u00e9rieuses questions - FAIR Canada\",\"isPartOf\":{\"@id\":\"https:\/\/faircanada.ca\/fr\/#website\"},\"primaryImageOfPage\":{\"@id\":\"https:\/\/faircanada.ca\/fr\/article\/lelargissement-de-lacces-des-particuliers-aux-marches-prives-souleve-de-serieuses-questions\/#primaryimage\"},\"image\":{\"@id\":\"https:\/\/faircanada.ca\/fr\/article\/lelargissement-de-lacces-des-particuliers-aux-marches-prives-souleve-de-serieuses-questions\/#primaryimage\"},\"thumbnailUrl\":\"https:\/\/faircanada.ca\/wp-content\/uploads\/2026\/04\/iStock-471338935-3.jpg\",\"datePublished\":\"2026-04-13T15:46:14+00:00\",\"dateModified\":\"2026-04-13T15:46:15+00:00\",\"breadcrumb\":{\"@id\":\"https:\/\/faircanada.ca\/fr\/article\/lelargissement-de-lacces-des-particuliers-aux-marches-prives-souleve-de-serieuses-questions\/#breadcrumb\"},\"inLanguage\":\"fr-FR\",\"potentialAction\":[{\"@type\":\"ReadAction\",\"target\":[\"https:\/\/faircanada.ca\/fr\/article\/lelargissement-de-lacces-des-particuliers-aux-marches-prives-souleve-de-serieuses-questions\/\"]}]},{\"@type\":\"ImageObject\",\"inLanguage\":\"fr-FR\",\"@id\":\"https:\/\/faircanada.ca\/fr\/article\/lelargissement-de-lacces-des-particuliers-aux-marches-prives-souleve-de-serieuses-questions\/#primaryimage\",\"url\":\"https:\/\/faircanada.ca\/wp-content\/uploads\/2026\/04\/iStock-471338935-3.jpg\",\"contentUrl\":\"https:\/\/faircanada.ca\/wp-content\/uploads\/2026\/04\/iStock-471338935-3.jpg\",\"width\":725,\"height\":482,\"caption\":\"Amsterdam, The Netherlands - April 29, 2006: Celebrations of ( Koninginnedag ) Queen's Day is a national holiday in the Kingdom of the Netherlands. Th\u0131usands of people are having fun in the streets. A queue front an ATM machines at Dam Square in the image.\"},{\"@type\":\"BreadcrumbList\",\"@id\":\"https:\/\/faircanada.ca\/fr\/article\/lelargissement-de-lacces-des-particuliers-aux-marches-prives-souleve-de-serieuses-questions\/#breadcrumb\",\"itemListElement\":[{\"@type\":\"ListItem\",\"position\":1,\"name\":\"Accueil\",\"item\":\"https:\/\/faircanada.ca\/fr\/\"},{\"@type\":\"ListItem\",\"position\":2,\"name\":\"L&#8217;\u00e9largissement de l&#8217;acc\u00e8s des particuliers aux march\u00e9s priv\u00e9s soul\u00e8ve de s\u00e9rieuses questions\"}]},{\"@type\":\"WebSite\",\"@id\":\"https:\/\/faircanada.ca\/fr\/#website\",\"url\":\"https:\/\/faircanada.ca\/fr\/\",\"name\":\"FAIR Canada\",\"description\":\"FAIR Canada is a national, non-profit organization dedicated to putting investors first.\",\"publisher\":{\"@id\":\"https:\/\/faircanada.ca\/fr\/#organization\"},\"potentialAction\":[{\"@type\":\"SearchAction\",\"target\":{\"@type\":\"EntryPoint\",\"urlTemplate\":\"https:\/\/faircanada.ca\/fr\/?s={search_term_string}\"},\"query-input\":{\"@type\":\"PropertyValueSpecification\",\"valueRequired\":true,\"valueName\":\"search_term_string\"}}],\"inLanguage\":\"fr-FR\"},{\"@type\":\"Organization\",\"@id\":\"https:\/\/faircanada.ca\/fr\/#organization\",\"name\":\"FairCanada\",\"url\":\"https:\/\/faircanada.ca\/fr\/\",\"logo\":{\"@type\":\"ImageObject\",\"inLanguage\":\"fr-FR\",\"@id\":\"https:\/\/faircanada.ca\/fr\/#\/schema\/logo\/image\/\",\"url\":\"https:\/\/faircanada.ca\/wp-content\/uploads\/2022\/01\/faircanada-logo.svg\",\"contentUrl\":\"https:\/\/faircanada.ca\/wp-content\/uploads\/2022\/01\/faircanada-logo.svg\",\"width\":307,\"height\":52,\"caption\":\"FairCanada\"},\"image\":{\"@id\":\"https:\/\/faircanada.ca\/fr\/#\/schema\/logo\/image\/\"},\"sameAs\":[\"https:\/\/www.facebook.com\/pages\/FAIR-Canada\/138310399536931\",\"https:\/\/x.com\/FAIRCanada\"]}]}<\/script>\n<!-- \/ Yoast SEO Premium plugin. -->","yoast_head_json":{"title":"L'\u00e9largissement de l'acc\u00e8s des particuliers aux march\u00e9s priv\u00e9s soul\u00e8ve de s\u00e9rieuses questions - FAIR Canada","robots":{"index":"index","follow":"follow","max-snippet":"max-snippet:-1","max-image-preview":"max-image-preview:large","max-video-preview":"max-video-preview:-1"},"canonical":"https:\/\/faircanada.ca\/fr\/article\/lelargissement-de-lacces-des-particuliers-aux-marches-prives-souleve-de-serieuses-questions\/","og_locale":"fr_FR","og_type":"article","og_title":"L'\u00e9largissement de l'acc\u00e8s des particuliers aux march\u00e9s priv\u00e9s soul\u00e8ve de s\u00e9rieuses questions","og_description":"Les organismes de r\u00e9glementation canadiens font face \u00e0 une pression croissante \u2013 tant de la part du secteur que des","og_url":"https:\/\/faircanada.ca\/fr\/article\/lelargissement-de-lacces-des-particuliers-aux-marches-prives-souleve-de-serieuses-questions\/","og_site_name":"FAIR Canada","article_publisher":"https:\/\/www.facebook.com\/pages\/FAIR-Canada\/138310399536931","article_modified_time":"2026-04-13T15:46:15+00:00","og_image":[{"width":725,"height":482,"url":"https:\/\/faircanada.ca\/wp-content\/uploads\/2026\/04\/iStock-471338935-3.jpg","type":"image\/jpeg"}],"twitter_card":"summary_large_image","twitter_site":"@FAIRCanada","twitter_misc":{"Dur\u00e9e de lecture estim\u00e9e":"3 minutes"},"schema":{"@context":"https:\/\/schema.org","@graph":[{"@type":"WebPage","@id":"https:\/\/faircanada.ca\/fr\/article\/lelargissement-de-lacces-des-particuliers-aux-marches-prives-souleve-de-serieuses-questions\/","url":"https:\/\/faircanada.ca\/fr\/article\/lelargissement-de-lacces-des-particuliers-aux-marches-prives-souleve-de-serieuses-questions\/","name":"L'\u00e9largissement de l'acc\u00e8s des particuliers aux march\u00e9s priv\u00e9s soul\u00e8ve de s\u00e9rieuses questions - FAIR Canada","isPartOf":{"@id":"https:\/\/faircanada.ca\/fr\/#website"},"primaryImageOfPage":{"@id":"https:\/\/faircanada.ca\/fr\/article\/lelargissement-de-lacces-des-particuliers-aux-marches-prives-souleve-de-serieuses-questions\/#primaryimage"},"image":{"@id":"https:\/\/faircanada.ca\/fr\/article\/lelargissement-de-lacces-des-particuliers-aux-marches-prives-souleve-de-serieuses-questions\/#primaryimage"},"thumbnailUrl":"https:\/\/faircanada.ca\/wp-content\/uploads\/2026\/04\/iStock-471338935-3.jpg","datePublished":"2026-04-13T15:46:14+00:00","dateModified":"2026-04-13T15:46:15+00:00","breadcrumb":{"@id":"https:\/\/faircanada.ca\/fr\/article\/lelargissement-de-lacces-des-particuliers-aux-marches-prives-souleve-de-serieuses-questions\/#breadcrumb"},"inLanguage":"fr-FR","potentialAction":[{"@type":"ReadAction","target":["https:\/\/faircanada.ca\/fr\/article\/lelargissement-de-lacces-des-particuliers-aux-marches-prives-souleve-de-serieuses-questions\/"]}]},{"@type":"ImageObject","inLanguage":"fr-FR","@id":"https:\/\/faircanada.ca\/fr\/article\/lelargissement-de-lacces-des-particuliers-aux-marches-prives-souleve-de-serieuses-questions\/#primaryimage","url":"https:\/\/faircanada.ca\/wp-content\/uploads\/2026\/04\/iStock-471338935-3.jpg","contentUrl":"https:\/\/faircanada.ca\/wp-content\/uploads\/2026\/04\/iStock-471338935-3.jpg","width":725,"height":482,"caption":"Amsterdam, The Netherlands - April 29, 2006: Celebrations of ( Koninginnedag ) Queen's Day is a national holiday in the Kingdom of the Netherlands. Th\u0131usands of people are having fun in the streets. A queue front an ATM machines at Dam Square in the image."},{"@type":"BreadcrumbList","@id":"https:\/\/faircanada.ca\/fr\/article\/lelargissement-de-lacces-des-particuliers-aux-marches-prives-souleve-de-serieuses-questions\/#breadcrumb","itemListElement":[{"@type":"ListItem","position":1,"name":"Accueil","item":"https:\/\/faircanada.ca\/fr\/"},{"@type":"ListItem","position":2,"name":"L&#8217;\u00e9largissement de l&#8217;acc\u00e8s des particuliers aux march\u00e9s priv\u00e9s soul\u00e8ve de s\u00e9rieuses questions"}]},{"@type":"WebSite","@id":"https:\/\/faircanada.ca\/fr\/#website","url":"https:\/\/faircanada.ca\/fr\/","name":"FAIR Canada","description":"FAIR Canada is a national, non-profit organization dedicated to putting investors first.","publisher":{"@id":"https:\/\/faircanada.ca\/fr\/#organization"},"potentialAction":[{"@type":"SearchAction","target":{"@type":"EntryPoint","urlTemplate":"https:\/\/faircanada.ca\/fr\/?s={search_term_string}"},"query-input":{"@type":"PropertyValueSpecification","valueRequired":true,"valueName":"search_term_string"}}],"inLanguage":"fr-FR"},{"@type":"Organization","@id":"https:\/\/faircanada.ca\/fr\/#organization","name":"FairCanada","url":"https:\/\/faircanada.ca\/fr\/","logo":{"@type":"ImageObject","inLanguage":"fr-FR","@id":"https:\/\/faircanada.ca\/fr\/#\/schema\/logo\/image\/","url":"https:\/\/faircanada.ca\/wp-content\/uploads\/2022\/01\/faircanada-logo.svg","contentUrl":"https:\/\/faircanada.ca\/wp-content\/uploads\/2022\/01\/faircanada-logo.svg","width":307,"height":52,"caption":"FairCanada"},"image":{"@id":"https:\/\/faircanada.ca\/fr\/#\/schema\/logo\/image\/"},"sameAs":["https:\/\/www.facebook.com\/pages\/FAIR-Canada\/138310399536931","https:\/\/x.com\/FAIRCanada"]}]}},"_links":{"self":[{"href":"https:\/\/faircanada.ca\/fr\/wp-json\/wp\/v2\/article\/20101","targetHints":{"allow":["GET"]}}],"collection":[{"href":"https:\/\/faircanada.ca\/fr\/wp-json\/wp\/v2\/article"}],"about":[{"href":"https:\/\/faircanada.ca\/fr\/wp-json\/wp\/v2\/types\/article"}],"wp:featuredmedia":[{"embeddable":true,"href":"https:\/\/faircanada.ca\/fr\/wp-json\/wp\/v2\/media\/20100"}],"wp:attachment":[{"href":"https:\/\/faircanada.ca\/fr\/wp-json\/wp\/v2\/media?parent=20101"}],"wp:term":[{"taxonomy":"post_tag","embeddable":true,"href":"https:\/\/faircanada.ca\/fr\/wp-json\/wp\/v2\/tags?post=20101"},{"taxonomy":"articles_category","embeddable":true,"href":"https:\/\/faircanada.ca\/fr\/wp-json\/wp\/v2\/articles_category?post=20101"},{"taxonomy":"articles_date","embeddable":true,"href":"https:\/\/faircanada.ca\/fr\/wp-json\/wp\/v2\/articles_date?post=20101"}],"curies":[{"name":"wp","href":"https:\/\/api.w.org\/{rel}","templated":true}]}}